{"id":1094,"date":"2013-10-07T13:28:18","date_gmt":"2013-10-07T11:28:18","guid":{"rendered":"https:\/\/amblapaz.esteri.it\/news\/dall_ambasciata\/2013\/10\/donazionewfp-2\/"},"modified":"2013-10-07T13:28:18","modified_gmt":"2013-10-07T11:28:18","slug":"donazionewfp-2","status":"publish","type":"post","link":"https:\/\/amblapaz.esteri.it\/es\/news\/dall_ambasciata\/2013\/10\/donazionewfp-2\/","title":{"rendered":"Donaci\u00f3n de la Cooperaci\u00f3n Italiana al WFP."},"content":{"rendered":"<p><P>El Gobierno Italiano dona m\u00e1s de medio mill\u00f3n de d\u00f3lares al WFP, el Programa Mundial de Naciones Unidas para la Alimentaci\u00f3n, para garantizar la seguridad alimentaria de treinta mil familias de municipos rurales vulnerables de los Departamentos de Chuquisaca, Tarija y Pando.<\/P><P>Aqu\u00ed los art\u00edculos de prensa italianos: <A href=\"\/resource\/2013\/10\/28277_f_Agi4ott2013Boliviadonazionesicurezzaalimentare1.pdf\">Agenzia Agi<\/A>, <A href=\"\/resource\/2013\/10\/28278_f_IlMondo3ott2013Boliviaonudallitalia1.pdf\">Il Mondo<\/A>.<\/P><br \/>\n<P>\u00a0<\/P><\/p>\n","protected":false},"excerpt":{"rendered":"El Gobierno Italiano dona m\u00e1s de medio mill\u00f3n de d\u00f3lares al WFP, el Programa Mundial de Naciones Unidas para la Alimentaci\u00f3n, para garantizar la seguridad alimentaria de treinta mil familias de municipos rurales vulnerables de los Departamentos de Chuquisaca, Tarija y Pando.Aqu\u00ed los art\u00edculos de prensa italianos: Agenzia Agi, Il Mondo. \u00a0","protected":false},"author":1,"featured_media":0,"comment_status":"","ping_status":"","sticky":false,"template":"","format":"standard","meta":{"footnotes":""},"tags":[],"class_list":["post-1094","post","type-post","status-publish","format-standard","hentry"],"_links":{"self":[{"href":"https:\/\/amblapaz.esteri.it\/es\/wp-json\/wp\/v2\/posts\/1094","targetHints":{"allow":["GET"]}}],"collection":[{"href":"https:\/\/amblapaz.esteri.it\/es\/wp-json\/wp\/v2\/posts"}],"about":[{"href":"https:\/\/amblapaz.esteri.it\/es\/wp-json\/wp\/v2\/types\/post"}],"author":[{"embeddable":true,"href":"https:\/\/amblapaz.esteri.it\/es\/wp-json\/wp\/v2\/users\/1"}],"replies":[{"embeddable":true,"href":"https:\/\/amblapaz.esteri.it\/es\/wp-json\/wp\/v2\/comments?post=1094"}],"version-history":[{"count":0,"href":"https:\/\/amblapaz.esteri.it\/es\/wp-json\/wp\/v2\/posts\/1094\/revisions"}],"wp:attachment":[{"href":"https:\/\/amblapaz.esteri.it\/es\/wp-json\/wp\/v2\/media?parent=1094"}],"wp:term":[{"taxonomy":"post_tag","embeddable":true,"href":"https:\/\/amblapaz.esteri.it\/es\/wp-json\/wp\/v2\/tags?post=1094"}],"curies":[{"name":"wp","href":"https:\/\/api.w.org\/{rel}","templated":true}]}}