{"id":1096,"date":"2013-09-25T17:31:05","date_gmt":"2013-09-25T15:31:05","guid":{"rendered":"https:\/\/amblapaz.esteri.it\/news\/dall_ambasciata\/2013\/09\/allefaldedelkilimangiaro-2\/"},"modified":"2013-09-25T17:31:05","modified_gmt":"2013-09-25T15:31:05","slug":"allefaldedelkilimangiaro-2","status":"publish","type":"post","link":"https:\/\/amblapaz.esteri.it\/es\/news\/dall_ambasciata\/2013\/09\/allefaldedelkilimangiaro-2\/","title":{"rendered":"Rai 3: Bolivia\u00a0y Alle Falde del Kilimangiaro."},"content":{"rendered":"<p><P><EM>Alle Falde del Kilimangiaro<\/EM> es un programa de Rai 3 que desde hace a\u00f1os propone metas tur\u00edsticas italianas y del resto del mundo, desde las m\u00e1s famosas hasta las desconocidas. <\/P><P>La conductora, Licia Col\u00f3, hospeda cada semana tres personajes del mundo del espect\u00e1culo, del periodismo o del deporte para descubrir juntos destinos ex\u00f3ticos, culturas diferentes y muchas curiosidades sobre nuestro planeta. <\/P><br \/>\n<P>El 18 de agosto, para el ciclo Sere d\u2019Estade del programa, sali\u00f3 al aire un especial sobre Bolivia, que pueden visionar en la p\u00e1gina web de <STRONG><a href=\"http:\/\/www.rai.tv\/dl\/RaiTV\/programmi\/media\/ContentItem-12b80282-056c-4c82-87dc-a83804452a03.html\" target=\"_blank\" rel=\"noopener\">Rai<\/A><\/STRONG> o de <STRONG><EM><a href=\"http:\/\/www.allefaldedelkilimangiaro.rai.it\/dl\/portali\/site\/puntata\/ContentItem-74a11b3d-d32f-4c8e-9939-c767bbb64372.html\" target=\"_blank\" rel=\"noopener\">Alle Falde del Kilimangiaro<\/A><\/EM><\/STRONG>.<BR><\/P><\/p>\n","protected":false},"excerpt":{"rendered":"Alle Falde del Kilimangiaro es un programa de Rai 3 que desde hace a\u00f1os propone metas tur\u00edsticas italianas y del resto del mundo, desde las m\u00e1s famosas hasta las desconocidas. La conductora, Licia Col\u00f3, hospeda cada semana tres personajes del mundo del espect\u00e1culo, del periodismo o del deporte para descubrir juntos destinos ex\u00f3ticos, culturas diferentes [&hellip;]","protected":false},"author":1,"featured_media":0,"comment_status":"","ping_status":"","sticky":false,"template":"","format":"standard","meta":{"footnotes":""},"tags":[],"class_list":["post-1096","post","type-post","status-publish","format-standard","hentry"],"_links":{"self":[{"href":"https:\/\/amblapaz.esteri.it\/es\/wp-json\/wp\/v2\/posts\/1096","targetHints":{"allow":["GET"]}}],"collection":[{"href":"https:\/\/amblapaz.esteri.it\/es\/wp-json\/wp\/v2\/posts"}],"about":[{"href":"https:\/\/amblapaz.esteri.it\/es\/wp-json\/wp\/v2\/types\/post"}],"author":[{"embeddable":true,"href":"https:\/\/amblapaz.esteri.it\/es\/wp-json\/wp\/v2\/users\/1"}],"replies":[{"embeddable":true,"href":"https:\/\/amblapaz.esteri.it\/es\/wp-json\/wp\/v2\/comments?post=1096"}],"version-history":[{"count":0,"href":"https:\/\/amblapaz.esteri.it\/es\/wp-json\/wp\/v2\/posts\/1096\/revisions"}],"wp:attachment":[{"href":"https:\/\/amblapaz.esteri.it\/es\/wp-json\/wp\/v2\/media?parent=1096"}],"wp:term":[{"taxonomy":"post_tag","embeddable":true,"href":"https:\/\/amblapaz.esteri.it\/es\/wp-json\/wp\/v2\/tags?post=1096"}],"curies":[{"name":"wp","href":"https:\/\/api.w.org\/{rel}","templated":true}]}}