{"id":1631,"date":"2024-03-05T11:11:20","date_gmt":"2024-03-05T15:11:20","guid":{"rendered":"https:\/\/amblapaz.esteri.it\/?p=1631"},"modified":"2024-03-05T11:17:55","modified_gmt":"2024-03-05T15:17:55","slug":"youth4climate-segunda-edicion-de-la-convocatoria-call-for-solutions","status":"publish","type":"post","link":"https:\/\/amblapaz.esteri.it\/es\/news\/dall_ambasciata\/2024\/03\/youth4climate-segunda-edicion-de-la-convocatoria-call-for-solutions\/","title":{"rendered":"\u00abYouth4Climate\u00bb &#8211; Segunda edici\u00f3n de la convocatoria \u00abCall for Solutions\u00bb"},"content":{"rendered":"<p>Segunda edici\u00f3n de la convocatoria destinada a la financiaci\u00f3n de proyectos presentados por j\u00f3venes de 18 a 29 a\u00f1os que deseen presentar propuestas de proyectos en las siguientes \u00e1reas tem\u00e1ticas:<\/p>\n<p>1) Educaci\u00f3n sobre el clima y el medio ambiente<br \/>\n2) Energ\u00eda sostenible<br \/>\n3) Alimentaci\u00f3n y agricultura<br \/>\n4) Patrimonio natural<br \/>\n5) Consumo y producci\u00f3n sostenibles.<\/p>\n<p>La convocatoria y los pa\u00edses beneficiarios pueden consultarse en el siguiente enlace: <a href=\"https:\/\/community.youth4climate.info\/callforsolutions2024\/instructions\">https:\/\/community.youth4climate.info\/callforsolutions2024\/instructions<\/a><br \/>\n<a href=\"https:\/\/www.youtube.com\/watch?v=ckkdM3i2J4A\">Mini-documental<\/a><\/p>\n<p>Fecha l\u00edmite de postulaci\u00f3n: 26 de mayo del 2024<\/p>\n","protected":false},"excerpt":{"rendered":"Segunda edici\u00f3n de la convocatoria destinada a la financiaci\u00f3n de proyectos presentados por j\u00f3venes de 18 a 29 a\u00f1os que deseen presentar propuestas de proyectos en las siguientes \u00e1reas tem\u00e1ticas: 1) Educaci\u00f3n sobre el clima y el medio ambiente 2) Energ\u00eda sostenible 3) Alimentaci\u00f3n y agricultura 4) Patrimonio natural 5) Consumo y producci\u00f3n sostenibles. La [&hellip;]","protected":false},"author":6,"featured_media":0,"comment_status":"closed","ping_status":"closed","sticky":false,"template":"","format":"standard","meta":{"footnotes":""},"tags":[5,12],"class_list":["post-1631","post","type-post","status-publish","format-standard","hentry","tag-cooperazione-allo-sviluppo","tag-italiani-nel-mondo"],"_links":{"self":[{"href":"https:\/\/amblapaz.esteri.it\/es\/wp-json\/wp\/v2\/posts\/1631","targetHints":{"allow":["GET"]}}],"collection":[{"href":"https:\/\/amblapaz.esteri.it\/es\/wp-json\/wp\/v2\/posts"}],"about":[{"href":"https:\/\/amblapaz.esteri.it\/es\/wp-json\/wp\/v2\/types\/post"}],"author":[{"embeddable":true,"href":"https:\/\/amblapaz.esteri.it\/es\/wp-json\/wp\/v2\/users\/6"}],"replies":[{"embeddable":true,"href":"https:\/\/amblapaz.esteri.it\/es\/wp-json\/wp\/v2\/comments?post=1631"}],"version-history":[{"count":2,"href":"https:\/\/amblapaz.esteri.it\/es\/wp-json\/wp\/v2\/posts\/1631\/revisions"}],"predecessor-version":[{"id":1637,"href":"https:\/\/amblapaz.esteri.it\/es\/wp-json\/wp\/v2\/posts\/1631\/revisions\/1637"}],"wp:attachment":[{"href":"https:\/\/amblapaz.esteri.it\/es\/wp-json\/wp\/v2\/media?parent=1631"}],"wp:term":[{"taxonomy":"post_tag","embeddable":true,"href":"https:\/\/amblapaz.esteri.it\/es\/wp-json\/wp\/v2\/tags?post=1631"}],"curies":[{"name":"wp","href":"https:\/\/api.w.org\/{rel}","templated":true}]}}