{"id":2034,"date":"2024-05-31T08:29:09","date_gmt":"2024-05-31T12:29:09","guid":{"rendered":"https:\/\/amblapaz.esteri.it\/?p=2034"},"modified":"2024-06-03T17:00:35","modified_gmt":"2024-06-03T21:00:35","slug":"celebraciones-en-ocasion-de-la-fiesta-de-la-republica-mensaje-del-ministro","status":"publish","type":"post","link":"https:\/\/amblapaz.esteri.it\/es\/news\/dall_ambasciata\/2024\/05\/celebraciones-en-ocasion-de-la-fiesta-de-la-republica-mensaje-del-ministro\/","title":{"rendered":"Celebraciones en ocasi\u00f3n de la Fiesta de la Rep\u00fablica. Mensaje del Ministro"},"content":{"rendered":"<p>Con motivo de las celebraciones de la Fiesta de la Rep\u00fablica, el Vicepresidente del Consejo y Ministro de Asuntos Exteriores y de la Cooperaci\u00f3n Internacional, Antonio Tajani, quiso enviar un mensaje de saludo a todos sus compatriotas en el extranjero.<\/p>\n<p>Mir\u00e1 el video:<\/p>\n<p><a href=\"https:\/\/www.youtube.com\/watch?v=1ilA45YgQoE\">Messaggio del Vice PdC e Min Antonio Tajani per la Festa della Repubblica italiana (youtube.com)<\/a><\/p>\n","protected":false},"excerpt":{"rendered":"Con motivo de las celebraciones de la Fiesta de la Rep\u00fablica, el Vicepresidente del Consejo y Ministro de Asuntos Exteriores y de la Cooperaci\u00f3n Internacional, Antonio Tajani, quiso enviar un mensaje de saludo a todos sus compatriotas en el extranjero. Mir\u00e1 el video: Messaggio del Vice PdC e Min Antonio Tajani per la Festa della [&hellip;]","protected":false},"author":6,"featured_media":0,"comment_status":"closed","ping_status":"closed","sticky":false,"template":"","format":"standard","meta":{"footnotes":""},"tags":[],"class_list":["post-2034","post","type-post","status-publish","format-standard","hentry"],"_links":{"self":[{"href":"https:\/\/amblapaz.esteri.it\/es\/wp-json\/wp\/v2\/posts\/2034","targetHints":{"allow":["GET"]}}],"collection":[{"href":"https:\/\/amblapaz.esteri.it\/es\/wp-json\/wp\/v2\/posts"}],"about":[{"href":"https:\/\/amblapaz.esteri.it\/es\/wp-json\/wp\/v2\/types\/post"}],"author":[{"embeddable":true,"href":"https:\/\/amblapaz.esteri.it\/es\/wp-json\/wp\/v2\/users\/6"}],"replies":[{"embeddable":true,"href":"https:\/\/amblapaz.esteri.it\/es\/wp-json\/wp\/v2\/comments?post=2034"}],"version-history":[{"count":2,"href":"https:\/\/amblapaz.esteri.it\/es\/wp-json\/wp\/v2\/posts\/2034\/revisions"}],"predecessor-version":[{"id":2038,"href":"https:\/\/amblapaz.esteri.it\/es\/wp-json\/wp\/v2\/posts\/2034\/revisions\/2038"}],"wp:attachment":[{"href":"https:\/\/amblapaz.esteri.it\/es\/wp-json\/wp\/v2\/media?parent=2034"}],"wp:term":[{"taxonomy":"post_tag","embeddable":true,"href":"https:\/\/amblapaz.esteri.it\/es\/wp-json\/wp\/v2\/tags?post=2034"}],"curies":[{"name":"wp","href":"https:\/\/api.w.org\/{rel}","templated":true}]}}