{"id":3510,"date":"2025-01-31T10:06:17","date_gmt":"2025-01-31T14:06:17","guid":{"rendered":"https:\/\/amblapaz.esteri.it\/?p=3510"},"modified":"2025-01-31T10:11:52","modified_gmt":"2025-01-31T14:11:52","slug":"becas-de-estudio-para-estudiantes-extra-ue-en-la-universidad-de-trento","status":"publish","type":"post","link":"https:\/\/amblapaz.esteri.it\/es\/news\/dall_ambasciata\/2025\/01\/becas-de-estudio-para-estudiantes-extra-ue-en-la-universidad-de-trento\/","title":{"rendered":"Becas de Estudio para Estudiantes Extra-UE en la Universidad de Trento"},"content":{"rendered":"<p data-sourcepos=\"5:1-5:241\">La Universidad de Trento ha anunciado las convocatorias de admisi\u00f3n para el a\u00f1o acad\u00e9mico 2025-2026 a los cursos de maestr\u00eda en Estudios sobre Seguridad Internacional (MISS) y Estudios Europeos e Internacionales (MEIS), impartidos en ingl\u00e9s.<\/p>\n<p data-sourcepos=\"7:1-7:251\">En este sentido ofrece becas de estudio para cubrir parcialmente los gastos de estad\u00eda en Italia, por un total de 7200 euros anuales, reservadas a estudiantes extra-UE y otras facilidades incluyen la exenci\u00f3n del pago de las tasas universitarias, en funci\u00f3n del m\u00e9rito.<\/p>\n<p data-sourcepos=\"9:1-9:193\">Los candidatos extra-UE deben poseer ciudadan\u00eda de pa\u00edses no pertenecientes a la Uni\u00f3n Europea y no residir en Italia, o bien estar en posesi\u00f3n de un permiso de soggiorno por estudio en Italia.<\/p>\n<p data-sourcepos=\"11:1-11:71\">El plazo de presentaci\u00f3n de solicitudes finaliza el 6 de marzo de 2025.<\/p>\n<p data-sourcepos=\"13:1-13:89\">Las convocatorias y la informaci\u00f3n detallada est\u00e1n disponibles en los siguientes enlaces:<\/p>\n<ul data-sourcepos=\"15:3-17:423\">\n<li data-sourcepos=\"15:3-15:148\">MISS: <a href=\"https:\/\/international.unitn.it\/miss\/applying-for-miss\">https:\/\/international.unitn.it\/miss\/applying-for-miss<\/a>;<\/li>\n<li data-sourcepos=\"16:3-16:148\">MEIS: <a href=\"https:\/\/international.unitn.it\/meis\/applying-for-meis\">https:\/\/international.unitn.it\/meis\/applying-for-meis<\/a>;<\/li>\n<li data-sourcepos=\"17:3-17:423\">Becas de estudio para descendientes de emigrantes trentinos:\u00a0<a href=\"https:\/\/www.mondotrentino.net\/Iniziative\/Borse-di-studio-Scholarships\/Borse-di-studio-per-l-Universita-degliStudi-di-Trento#\">https:\/\/www.mondotrentino.net\/Iniziative\/Borse-di-studio-Scholarships\/Borse-di-studio-per-l-Universita-degliStudi-di-Trento#<\/a>.<\/li>\n<\/ul>\n","protected":false},"excerpt":{"rendered":"La Universidad de Trento ha anunciado las convocatorias de admisi\u00f3n para el a\u00f1o acad\u00e9mico 2025-2026 a los cursos de maestr\u00eda en Estudios sobre Seguridad Internacional (MISS) y Estudios Europeos e Internacionales (MEIS), impartidos en ingl\u00e9s. En este sentido ofrece becas de estudio para cubrir parcialmente los gastos de estad\u00eda en Italia, por un total de [&hellip;]","protected":false},"author":6,"featured_media":3508,"comment_status":"closed","ping_status":"closed","sticky":false,"template":"","format":"standard","meta":{"footnotes":""},"tags":[],"class_list":["post-3510","post","type-post","status-publish","format-standard","has-post-thumbnail","hentry"],"_links":{"self":[{"href":"https:\/\/amblapaz.esteri.it\/es\/wp-json\/wp\/v2\/posts\/3510","targetHints":{"allow":["GET"]}}],"collection":[{"href":"https:\/\/amblapaz.esteri.it\/es\/wp-json\/wp\/v2\/posts"}],"about":[{"href":"https:\/\/amblapaz.esteri.it\/es\/wp-json\/wp\/v2\/types\/post"}],"author":[{"embeddable":true,"href":"https:\/\/amblapaz.esteri.it\/es\/wp-json\/wp\/v2\/users\/6"}],"replies":[{"embeddable":true,"href":"https:\/\/amblapaz.esteri.it\/es\/wp-json\/wp\/v2\/comments?post=3510"}],"version-history":[{"count":1,"href":"https:\/\/amblapaz.esteri.it\/es\/wp-json\/wp\/v2\/posts\/3510\/revisions"}],"predecessor-version":[{"id":3514,"href":"https:\/\/amblapaz.esteri.it\/es\/wp-json\/wp\/v2\/posts\/3510\/revisions\/3514"}],"wp:featuredmedia":[{"embeddable":true,"href":"https:\/\/amblapaz.esteri.it\/es\/wp-json\/wp\/v2\/media\/3508"}],"wp:attachment":[{"href":"https:\/\/amblapaz.esteri.it\/es\/wp-json\/wp\/v2\/media?parent=3510"}],"wp:term":[{"taxonomy":"post_tag","embeddable":true,"href":"https:\/\/amblapaz.esteri.it\/es\/wp-json\/wp\/v2\/tags?post=3510"}],"curies":[{"name":"wp","href":"https:\/\/api.w.org\/{rel}","templated":true}]}}