{"id":3835,"date":"2025-03-17T10:21:29","date_gmt":"2025-03-17T14:21:29","guid":{"rendered":"https:\/\/amblapaz.esteri.it\/?p=3835"},"modified":"2025-03-17T10:34:01","modified_gmt":"2025-03-17T14:34:01","slug":"xxiv-premio-internacional-de-italianistica","status":"publish","type":"post","link":"https:\/\/amblapaz.esteri.it\/es\/news\/dall_ambasciata\/2025\/03\/xxiv-premio-internacional-de-italianistica\/","title":{"rendered":"XXIV Premio Internacional de Italian\u00edstica"},"content":{"rendered":"<p data-sourcepos=\"5:1-5:369\">El Premio Internacional Flaiano de Italian\u00edstica, instituido en 2002 y titulado desde 2021 en honor al Embajador Luca Attanasio, llega a su XXIV edici\u00f3n, con la confirmaci\u00f3n tambi\u00e9n de la \u00abSecci\u00f3n j\u00f3venes menores de 35\u00bb. Promovido y organizado, en el \u00e1mbito de los Premios Internacionales Flaiano, por la Asociaci\u00f3n Cultural Ennio Flaiano y la Fundaci\u00f3n Edoardo Tiboni.<\/p>\n<p data-sourcepos=\"7:1-7:180\">El Premio Internacional Flaiano de Italian\u00edstica constituye un importante veh\u00edculo de promoci\u00f3n cultural, capaz de conjugar las dimensiones de la promoci\u00f3n ling\u00fc\u00edstica y editorial.<\/p>\n<p data-sourcepos=\"9:1-9:41\"><a href=\"https:\/\/amblapaz.esteri.it\/wp-content\/uploads\/2025\/03\/13.03.2025-Bando-Premio-Internazionale-Flaiano-dItalianistica-Luca-Attanasio.pdf\">Convocatoria<\/a><\/p>\n","protected":false},"excerpt":{"rendered":"El Premio Internacional Flaiano de Italian\u00edstica, instituido en 2002 y titulado desde 2021 en honor al Embajador Luca Attanasio, llega a su XXIV edici\u00f3n, con la confirmaci\u00f3n tambi\u00e9n de la \u00abSecci\u00f3n j\u00f3venes menores de 35\u00bb. Promovido y organizado, en el \u00e1mbito de los Premios Internacionales Flaiano, por la Asociaci\u00f3n Cultural Ennio Flaiano y la Fundaci\u00f3n [&hellip;]","protected":false},"author":6,"featured_media":3830,"comment_status":"closed","ping_status":"closed","sticky":false,"template":"","format":"standard","meta":{"footnotes":""},"tags":[],"class_list":["post-3835","post","type-post","status-publish","format-standard","has-post-thumbnail","hentry"],"_links":{"self":[{"href":"https:\/\/amblapaz.esteri.it\/es\/wp-json\/wp\/v2\/posts\/3835","targetHints":{"allow":["GET"]}}],"collection":[{"href":"https:\/\/amblapaz.esteri.it\/es\/wp-json\/wp\/v2\/posts"}],"about":[{"href":"https:\/\/amblapaz.esteri.it\/es\/wp-json\/wp\/v2\/types\/post"}],"author":[{"embeddable":true,"href":"https:\/\/amblapaz.esteri.it\/es\/wp-json\/wp\/v2\/users\/6"}],"replies":[{"embeddable":true,"href":"https:\/\/amblapaz.esteri.it\/es\/wp-json\/wp\/v2\/comments?post=3835"}],"version-history":[{"count":1,"href":"https:\/\/amblapaz.esteri.it\/es\/wp-json\/wp\/v2\/posts\/3835\/revisions"}],"predecessor-version":[{"id":3842,"href":"https:\/\/amblapaz.esteri.it\/es\/wp-json\/wp\/v2\/posts\/3835\/revisions\/3842"}],"wp:featuredmedia":[{"embeddable":true,"href":"https:\/\/amblapaz.esteri.it\/es\/wp-json\/wp\/v2\/media\/3830"}],"wp:attachment":[{"href":"https:\/\/amblapaz.esteri.it\/es\/wp-json\/wp\/v2\/media?parent=3835"}],"wp:term":[{"taxonomy":"post_tag","embeddable":true,"href":"https:\/\/amblapaz.esteri.it\/es\/wp-json\/wp\/v2\/tags?post=3835"}],"curies":[{"name":"wp","href":"https:\/\/api.w.org\/{rel}","templated":true}]}}