{"id":3903,"date":"2025-03-21T10:43:51","date_gmt":"2025-03-21T14:43:51","guid":{"rendered":"https:\/\/amblapaz.esteri.it\/?p=3903"},"modified":"2025-03-21T10:50:28","modified_gmt":"2025-03-21T14:50:28","slug":"convocatoria-call-for-solutions-2024-di-youth4climate-y4c","status":"publish","type":"post","link":"https:\/\/amblapaz.esteri.it\/es\/news\/dall_ambasciata\/2025\/03\/convocatoria-call-for-solutions-2024-di-youth4climate-y4c\/","title":{"rendered":"Convocatoria: Call for Solutions 2024 di Youth4Climate (Y4C)"},"content":{"rendered":"<p>El Gobierno Italiano, en colaboraci\u00f3n con el Programa de las Naciones Unidas para el Desarrollo (UNDP), se complace en anunciar la apertura de la Convocatoria de Soluciones 2024, en el marco de la iniciativa Youth4Climate (Y4C). Esta iniciativa tiene como objetivo promover la participaci\u00f3n activa de las generaciones j\u00f3venes en los procesos de toma de decisiones relacionados con el cambio clim\u00e1tico, ofreciendo oportunidades concretas de financiamiento y desarrollo de proyectos innovadores.<\/p>\n<p>La Convocatoria de Soluciones est\u00e1 dirigida a j\u00f3venes de entre 18 y 29 a\u00f1os, residentes en pa\u00edses elegibles, que deseen presentar propuestas de proyectos en las siguientes \u00e1reas tem\u00e1ticas:<\/p>\n<ul>\n<li>\u00a0Energ\u00eda Sostenible: Innovaci\u00f3n y acceso a energ\u00edas limpias.<\/li>\n<li>\u00a0Alimentaci\u00f3n y Agricultura: Pr\u00e1cticas agr\u00edcolas resilientes al clima.<\/li>\n<li>\u00a0Clima y Salud: Impactos del cambio clim\u00e1tico en la salud p\u00fablica.<\/li>\n<li>\u00a0Digital para el Planeta: Tecnolog\u00edas digitales para la resiliencia clim\u00e1tica.<\/li>\n<li>\u00a0Clima, Paz y Seguridad: Acci\u00f3n clim\u00e1tica en contextos de conflicto.<\/li>\n<li>\u00a0Naturaleza: Soluciones basadas en la naturaleza para la adaptaci\u00f3n y mitigaci\u00f3n.<\/li>\n<\/ul>\n<p>Las propuestas pueden presentarse en ingl\u00e9s, franc\u00e9s, espa\u00f1ol y, como novedad en esta edici\u00f3n, portugu\u00e9s, con el objetivo de fomentar la participaci\u00f3n de un amplio grupo de candidatos y en vista de la COP30 en Brasil.<\/p>\n<p>Los proyectos seleccionados recibir\u00e1n un financiamiento de 30.000 d\u00f3lares, destinado a la implementaci\u00f3n de las actividades propuestas.<\/p>\n<p>La fecha l\u00edmite para la presentaci\u00f3n de las candidaturas es el 26 de mayo de 2024. Las instrucciones detalladas para enviar las propuestas est\u00e1n disponibles en el siguiente enlace: <a href=\"https:\/\/community.youth4climate.info\/callforsolutions2024\/instructions\">https:\/\/community.youth4climate.info\/callforsolutions2024\/instructions<\/a><\/p>\n","protected":false},"excerpt":{"rendered":"El Gobierno Italiano, en colaboraci\u00f3n con el Programa de las Naciones Unidas para el Desarrollo (UNDP), se complace en anunciar la apertura de la Convocatoria de Soluciones 2024, en el marco de la iniciativa Youth4Climate (Y4C). Esta iniciativa tiene como objetivo promover la participaci\u00f3n activa de las generaciones j\u00f3venes en los procesos de toma de [&hellip;]","protected":false},"author":6,"featured_media":3899,"comment_status":"closed","ping_status":"closed","sticky":false,"template":"","format":"standard","meta":{"footnotes":""},"tags":[],"class_list":["post-3903","post","type-post","status-publish","format-standard","has-post-thumbnail","hentry"],"_links":{"self":[{"href":"https:\/\/amblapaz.esteri.it\/es\/wp-json\/wp\/v2\/posts\/3903","targetHints":{"allow":["GET"]}}],"collection":[{"href":"https:\/\/amblapaz.esteri.it\/es\/wp-json\/wp\/v2\/posts"}],"about":[{"href":"https:\/\/amblapaz.esteri.it\/es\/wp-json\/wp\/v2\/types\/post"}],"author":[{"embeddable":true,"href":"https:\/\/amblapaz.esteri.it\/es\/wp-json\/wp\/v2\/users\/6"}],"replies":[{"embeddable":true,"href":"https:\/\/amblapaz.esteri.it\/es\/wp-json\/wp\/v2\/comments?post=3903"}],"version-history":[{"count":2,"href":"https:\/\/amblapaz.esteri.it\/es\/wp-json\/wp\/v2\/posts\/3903\/revisions"}],"predecessor-version":[{"id":3909,"href":"https:\/\/amblapaz.esteri.it\/es\/wp-json\/wp\/v2\/posts\/3903\/revisions\/3909"}],"wp:featuredmedia":[{"embeddable":true,"href":"https:\/\/amblapaz.esteri.it\/es\/wp-json\/wp\/v2\/media\/3899"}],"wp:attachment":[{"href":"https:\/\/amblapaz.esteri.it\/es\/wp-json\/wp\/v2\/media?parent=3903"}],"wp:term":[{"taxonomy":"post_tag","embeddable":true,"href":"https:\/\/amblapaz.esteri.it\/es\/wp-json\/wp\/v2\/tags?post=3903"}],"curies":[{"name":"wp","href":"https:\/\/api.w.org\/{rel}","templated":true}]}}