{"id":4189,"date":"2025-04-23T16:11:30","date_gmt":"2025-04-23T20:11:30","guid":{"rendered":"https:\/\/amblapaz.esteri.it\/?p=4189"},"modified":"2025-04-23T16:24:00","modified_gmt":"2025-04-23T20:24:00","slug":"apertura-de-un-registro-de-condolencias-virtual-tras-el-fallecimiento-del-santo-padre-francisco","status":"publish","type":"post","link":"https:\/\/amblapaz.esteri.it\/es\/news\/dall_ambasciata\/2025\/04\/apertura-de-un-registro-de-condolencias-virtual-tras-el-fallecimiento-del-santo-padre-francisco\/","title":{"rendered":"APERTURA DE UN REGISTRO DE CONDOLENCIAS VIRTUAL TRAS EL FALLECIMIENTO DEL SANTO PADRE FRANCISCO"},"content":{"rendered":"<p>La Embajada de Italia en La Paz expresa su m\u00e1s profundo p\u00e9same por el fallecimiento del Santo Padre Francisco.<\/p>\n<p>En se\u00f1al de respeto y homenaje a su memoria, la Embajada ha dispuesto un Registro de Condolencias virtual, destinado a los ciudadanos italianos residentes en Bolivia que deseen expresar su sentimiento de cercan\u00eda y solidaridad.<\/p>\n<p>El Registro estar\u00e1 accesible del 24 al 26 de abril, y los mensajes de condolencia podr\u00e1n ser enviados a la direcci\u00f3n de correo electr\u00f3nico: <a href=\"mailto:condoglianze@esteri.it\">condoglianze@esteri.it<\/a><\/p>\n<p>Estos mensajes ser\u00e1n posteriormente remitidos a la Nunciatura Apost\u00f3lica<\/p>\n<p>APERTURA DE UN REGISTRO DE CONDOLENCIAS VIRTUAL TRAS EL FALLECIMIENTO DEL SANTO PADRE FRANCISCO<\/p>\n","protected":false},"excerpt":{"rendered":"La Embajada de Italia en La Paz expresa su m\u00e1s profundo p\u00e9same por el fallecimiento del Santo Padre Francisco. En se\u00f1al de respeto y homenaje a su memoria, la Embajada ha dispuesto un Registro de Condolencias virtual, destinado a los ciudadanos italianos residentes en Bolivia que deseen expresar su sentimiento de cercan\u00eda y solidaridad. El [&hellip;]","protected":false},"author":6,"featured_media":4192,"comment_status":"closed","ping_status":"closed","sticky":false,"template":"","format":"standard","meta":{"footnotes":""},"tags":[],"class_list":["post-4189","post","type-post","status-publish","format-standard","has-post-thumbnail","hentry"],"_links":{"self":[{"href":"https:\/\/amblapaz.esteri.it\/es\/wp-json\/wp\/v2\/posts\/4189","targetHints":{"allow":["GET"]}}],"collection":[{"href":"https:\/\/amblapaz.esteri.it\/es\/wp-json\/wp\/v2\/posts"}],"about":[{"href":"https:\/\/amblapaz.esteri.it\/es\/wp-json\/wp\/v2\/types\/post"}],"author":[{"embeddable":true,"href":"https:\/\/amblapaz.esteri.it\/es\/wp-json\/wp\/v2\/users\/6"}],"replies":[{"embeddable":true,"href":"https:\/\/amblapaz.esteri.it\/es\/wp-json\/wp\/v2\/comments?post=4189"}],"version-history":[{"count":1,"href":"https:\/\/amblapaz.esteri.it\/es\/wp-json\/wp\/v2\/posts\/4189\/revisions"}],"predecessor-version":[{"id":4191,"href":"https:\/\/amblapaz.esteri.it\/es\/wp-json\/wp\/v2\/posts\/4189\/revisions\/4191"}],"wp:featuredmedia":[{"embeddable":true,"href":"https:\/\/amblapaz.esteri.it\/es\/wp-json\/wp\/v2\/media\/4192"}],"wp:attachment":[{"href":"https:\/\/amblapaz.esteri.it\/es\/wp-json\/wp\/v2\/media?parent=4189"}],"wp:term":[{"taxonomy":"post_tag","embeddable":true,"href":"https:\/\/amblapaz.esteri.it\/es\/wp-json\/wp\/v2\/tags?post=4189"}],"curies":[{"name":"wp","href":"https:\/\/api.w.org\/{rel}","templated":true}]}}