{"id":4270,"date":"2025-05-05T08:43:30","date_gmt":"2025-05-05T12:43:30","guid":{"rendered":"https:\/\/amblapaz.esteri.it\/news\/dall_ambasciata\/2025\/05\/inaugurazione-della-nuova-sucursale-technogym-a-la-paz\/"},"modified":"2025-05-05T11:34:32","modified_gmt":"2025-05-05T15:34:32","slug":"inaugurazione-della-nuova-sucursale-technogym-a-la-paz","status":"publish","type":"post","link":"https:\/\/amblapaz.esteri.it\/es\/news\/dall_ambasciata\/2025\/05\/inaugurazione-della-nuova-sucursale-technogym-a-la-paz\/","title":{"rendered":"Inauguraci\u00f3n de la nueva sucursal Technogym en La Paz"},"content":{"rendered":"<p>El viernes 2 de mayo, el Embajador de Italia en Bolivia, Fabio Messineo, inaugur\u00f3 una nueva sucursal de Technogym en La Paz. Esta apertura consolida la presencia de la empresa italiana l\u00edder a nivel mundial en el sector del fitness en Bolivia, trayendo las soluciones m\u00e1s avanzadas para el entrenamiento y el bienestar<\/p>\n","protected":false},"excerpt":{"rendered":"El viernes 2 de mayo, el Embajador de Italia en Bolivia, Fabio Messineo, inaugur\u00f3 una nueva sucursal de Technogym en La Paz. Esta apertura consolida la presencia de la empresa italiana l\u00edder a nivel mundial en el sector del fitness en Bolivia, trayendo las soluciones m\u00e1s avanzadas para el entrenamiento y el bienestar","protected":false},"author":6,"featured_media":4278,"comment_status":"closed","ping_status":"closed","sticky":false,"template":"","format":"standard","meta":{"footnotes":""},"tags":[],"class_list":["post-4270","post","type-post","status-publish","format-standard","has-post-thumbnail","hentry"],"_links":{"self":[{"href":"https:\/\/amblapaz.esteri.it\/es\/wp-json\/wp\/v2\/posts\/4270","targetHints":{"allow":["GET"]}}],"collection":[{"href":"https:\/\/amblapaz.esteri.it\/es\/wp-json\/wp\/v2\/posts"}],"about":[{"href":"https:\/\/amblapaz.esteri.it\/es\/wp-json\/wp\/v2\/types\/post"}],"author":[{"embeddable":true,"href":"https:\/\/amblapaz.esteri.it\/es\/wp-json\/wp\/v2\/users\/6"}],"replies":[{"embeddable":true,"href":"https:\/\/amblapaz.esteri.it\/es\/wp-json\/wp\/v2\/comments?post=4270"}],"version-history":[{"count":2,"href":"https:\/\/amblapaz.esteri.it\/es\/wp-json\/wp\/v2\/posts\/4270\/revisions"}],"predecessor-version":[{"id":4277,"href":"https:\/\/amblapaz.esteri.it\/es\/wp-json\/wp\/v2\/posts\/4270\/revisions\/4277"}],"wp:featuredmedia":[{"embeddable":true,"href":"https:\/\/amblapaz.esteri.it\/es\/wp-json\/wp\/v2\/media\/4278"}],"wp:attachment":[{"href":"https:\/\/amblapaz.esteri.it\/es\/wp-json\/wp\/v2\/media?parent=4270"}],"wp:term":[{"taxonomy":"post_tag","embeddable":true,"href":"https:\/\/amblapaz.esteri.it\/es\/wp-json\/wp\/v2\/tags?post=4270"}],"curies":[{"name":"wp","href":"https:\/\/api.w.org\/{rel}","templated":true}]}}