{"id":630,"date":"2022-10-10T22:01:27","date_gmt":"2022-10-10T20:01:27","guid":{"rendered":"https:\/\/amblapaz.esteri.it\/news\/dall_ambasciata\/2022\/10\/xxii-settimana-della-lingua-italiana-2\/"},"modified":"2022-10-10T22:01:27","modified_gmt":"2022-10-10T20:01:27","slug":"xxii-settimana-della-lingua-italiana-2","status":"publish","type":"post","link":"https:\/\/amblapaz.esteri.it\/es\/news\/dall_ambasciata\/2022\/10\/xxii-settimana-della-lingua-italiana-2\/","title":{"rendered":"XXII Semana de la Lengua Italiana en el Mundo"},"content":{"rendered":"<p style=\"text-align: justify;\">Inicia la celebraci\u00f3n de la Semana de la Lengua Italiana<\/p>\n<p style=\"text-align: justify;\">Del 15 al 21 de octubre se celebrar\u00e1 la XXII \u201cSettimana della Lingua Italiana nel Mondo\u201d.<\/p>\n<p style=\"text-align: justify;\">La Embajada de Italia, la Embajada de Suiza y la Societ\u00e0 Dante Alighieri, con el apoyo de diversas instituciones del \u00e1mbito cultural, acad\u00e9mico y privado, se re\u00fanen para organizar una semana de actividades celebrando y difundiendo el idioma italiano, con distintos eventos alrededor de la lengua y cultura italiana y suiza. Esta actividad creada en 2001 por la Accademia della Crusca (una sociedad de estudiosos de la lengua italiana con sede en Florencia), tiene como objetivo promover la lengua italiana, en sus diversas facetas, en todo el mundo.<\/p>\n<p>La celebraci\u00f3n arrancar\u00e1 el s\u00e1bado 15 de octubre con un concierto, organizado por la Embajada de Italia y Banco BISA, denominado \u201cSerenata L\u00edrica con las mejores arias de la \u00f3pera italiana\u201d junto a la Orquesta Boliviana de \u00d3pera y 4 talentosos cantantes l\u00edricos, Alejandra Pareja, Ma. Bel\u00e9n Siles, Pablo Estrada y Rafael Aguilar, a partir de las 19:00h en el Teatro Do\u00f1a Albina. Ingreso gratuito.<br \/>El d\u00eda martes 18 de octubre, la Embajada de Suiza invita al concierto de la pianista, cantautora y compositora italiana con residencia en Suiza, Afra Kane. Su hermosa mezcla de matices de jazz, soul, afro-gospel, inscrita en influencias cl\u00e1sicas, sonar\u00e1 en la Societ\u00e0 Dante Alighieri a las 19:00h. Ingreso gratuito.<\/p>\n<p>El mi\u00e9rcoles 19 de octubre, el Centro Cultural de Espa\u00f1a en La Paz y la Embajada de Italia inaugurar\u00e1n la exposici\u00f3n \u201cDal\u00ed, la Divina Comedia de Dante Alighieri\u201d. La muestra estar\u00e1 abierta al p\u00fablico del 20 de octubre al 31 de diciembre en el Museo Nacional de Arte. Las visitas ser\u00e1n de lunes a viernes, de 9:00 a 17:00 h y el ingreso es gratuito para todos y todas quienes deseen conocer las obras de Dal\u00ed y Alighieri fusionadas.<\/p>\n<p style=\"text-align: justify;\">El d\u00eda jueves 20 de octubre, la Societ\u00e0 Dante Alighieri, organizar\u00e1 una \u201cMaratona\u201d, un marat\u00f3n de clases de italiano, de 15:00h a 18:00h, donde todos y todas podr\u00e1n sumergirse en este bello idioma. Ingreso gratuito.<\/p>\n<p>El d\u00eda viernes 21 a las 18:00h, se realizar\u00e1 un conversatorio sobre \u201cEl italiano como lengua de migrantes\u201d en el Sal\u00f3n de honor del monoblock de la UMSA con la participaci\u00f3n del Embajador de Italia, la Embajadora de Suiza, el Dr. en ling\u00fc\u00edstica Mauro Costantino y otros invitados. Ese mismo viernes se cerrar\u00e1 con broche de oro la \u201cSettimana della Lingua Italiana\u201d, con una noche de karaoke en italiano en la Societ\u00e0 Dante Alighieri desde las 20:00h. Ingreso gratuito.<\/p>\n<p>Vi aspettiamo!<\/p>\n<p>M\u00e1s informaci\u00f3n &#8211; Facebook, Instagram, Twitter: @ItalyinBolivia<\/p>\n<p style=\"text-align: justify;\"><img loading=\"lazy\" decoding=\"async\" style=\"width: 740px; height: 538px;\" src=\"resource\/img\/2022\/10\/agenda_semana_de_la_lengua_logo_nuevo_2.png\" alt=\"agenda semana de la lengua logo nuevo 2\" width=\"1139\" height=\"878\" \/><\/p>\n","protected":false},"excerpt":{"rendered":"Inicia la celebraci\u00f3n de la Semana de la Lengua Italiana Del 15 al 21 de octubre se celebrar\u00e1 la XXII \u201cSettimana della Lingua Italiana nel Mondo\u201d. La Embajada de Italia, la Embajada de Suiza y la Societ\u00e0 Dante Alighieri, con el apoyo de diversas instituciones del \u00e1mbito cultural, acad\u00e9mico y privado, se re\u00fanen para organizar [&hellip;]","protected":false},"author":1,"featured_media":0,"comment_status":"","ping_status":"","sticky":false,"template":"","format":"standard","meta":{"footnotes":""},"tags":[],"class_list":["post-630","post","type-post","status-publish","format-standard","hentry"],"_links":{"self":[{"href":"https:\/\/amblapaz.esteri.it\/es\/wp-json\/wp\/v2\/posts\/630","targetHints":{"allow":["GET"]}}],"collection":[{"href":"https:\/\/amblapaz.esteri.it\/es\/wp-json\/wp\/v2\/posts"}],"about":[{"href":"https:\/\/amblapaz.esteri.it\/es\/wp-json\/wp\/v2\/types\/post"}],"author":[{"embeddable":true,"href":"https:\/\/amblapaz.esteri.it\/es\/wp-json\/wp\/v2\/users\/1"}],"replies":[{"embeddable":true,"href":"https:\/\/amblapaz.esteri.it\/es\/wp-json\/wp\/v2\/comments?post=630"}],"version-history":[{"count":0,"href":"https:\/\/amblapaz.esteri.it\/es\/wp-json\/wp\/v2\/posts\/630\/revisions"}],"wp:attachment":[{"href":"https:\/\/amblapaz.esteri.it\/es\/wp-json\/wp\/v2\/media?parent=630"}],"wp:term":[{"taxonomy":"post_tag","embeddable":true,"href":"https:\/\/amblapaz.esteri.it\/es\/wp-json\/wp\/v2\/tags?post=630"}],"curies":[{"name":"wp","href":"https:\/\/api.w.org\/{rel}","templated":true}]}}