{"id":883,"date":"2017-10-02T20:45:22","date_gmt":"2017-10-02T18:45:22","guid":{"rendered":"https:\/\/amblapaz.esteri.it\/news\/dall_ambasciata\/2017\/10\/6-buoni-motivi-per-iscriversi-all-2\/"},"modified":"2017-10-02T20:45:22","modified_gmt":"2017-10-02T18:45:22","slug":"6-buoni-motivi-per-iscriversi-all-2","status":"publish","type":"post","link":"https:\/\/amblapaz.esteri.it\/es\/news\/dall_ambasciata\/2017\/10\/6-buoni-motivi-per-iscriversi-all-2\/","title":{"rendered":"6 buenas razones para inscribirse al AIRE"},"content":{"rendered":"<p>Inscribirse es una obligaci\u00f3n cuando la permanencia en el extranjero es superior a los 12 meses, y tambi\u00e9n trae ventajas.<br \/>Para saber m\u00e1s al respecto, entra en el sitio web: <a href=\"http:\/\/www.esteri.it\/mae\/it\/italiani_nel_mondo\/serviziconsolari\/aire.html\">6 buenas razones para inscribirse al AIRE<\/a><\/p>\n<p>\u00a0<\/p>\n","protected":false},"excerpt":{"rendered":"Inscribirse es una obligaci\u00f3n cuando la permanencia en el extranjero es superior a los 12 meses, y tambi\u00e9n trae ventajas.Para saber m\u00e1s al respecto, entra en el sitio web: 6 buenas razones para inscribirse al AIRE \u00a0","protected":false},"author":1,"featured_media":0,"comment_status":"","ping_status":"","sticky":false,"template":"","format":"standard","meta":{"footnotes":""},"tags":[],"class_list":["post-883","post","type-post","status-publish","format-standard","hentry"],"_links":{"self":[{"href":"https:\/\/amblapaz.esteri.it\/es\/wp-json\/wp\/v2\/posts\/883","targetHints":{"allow":["GET"]}}],"collection":[{"href":"https:\/\/amblapaz.esteri.it\/es\/wp-json\/wp\/v2\/posts"}],"about":[{"href":"https:\/\/amblapaz.esteri.it\/es\/wp-json\/wp\/v2\/types\/post"}],"author":[{"embeddable":true,"href":"https:\/\/amblapaz.esteri.it\/es\/wp-json\/wp\/v2\/users\/1"}],"replies":[{"embeddable":true,"href":"https:\/\/amblapaz.esteri.it\/es\/wp-json\/wp\/v2\/comments?post=883"}],"version-history":[{"count":0,"href":"https:\/\/amblapaz.esteri.it\/es\/wp-json\/wp\/v2\/posts\/883\/revisions"}],"wp:attachment":[{"href":"https:\/\/amblapaz.esteri.it\/es\/wp-json\/wp\/v2\/media?parent=883"}],"wp:term":[{"taxonomy":"post_tag","embeddable":true,"href":"https:\/\/amblapaz.esteri.it\/es\/wp-json\/wp\/v2\/tags?post=883"}],"curies":[{"name":"wp","href":"https:\/\/api.w.org\/{rel}","templated":true}]}}