{"id":1095,"date":"2013-09-25T17:31:05","date_gmt":"2013-09-25T15:31:05","guid":{"rendered":"https:\/\/amblapaz.esteri.it\/news\/dall_ambasciata\/2013\/09\/allefaldedelkilimangiaro\/"},"modified":"2013-09-25T17:31:05","modified_gmt":"2013-09-25T15:31:05","slug":"allefaldedelkilimangiaro","status":"publish","type":"post","link":"https:\/\/amblapaz.esteri.it\/it\/news\/dall_ambasciata\/2013\/09\/allefaldedelkilimangiaro\/","title":{"rendered":"Rai 3: Bolivia e Alle Falde del Kilimangiaro."},"content":{"rendered":"<p><em>Alle Falde del Kilimangiaro<\/em> \u00e8 un programma di Rai 3 che da anni propone mete turistiche italiane e del resto del mondo, dalle pi\u00f9 note a quelle sconosciute.<\/p>\n<p>La conduttrice, Licia Col\u00f3, ospita ogni settimana tre personaggi del mondo dello spettacolo, del giornalismo o dello sport per scoprire insieme destinazioni esotiche, culture diverse e tante curiosit\u00e0 sul nostro pianeta.<\/p>\n<p>Il 18 agosto, per il ciclo Sere d\u2019Estate del programma, \u00e8 andato in onda uno speciale sulla Bolivia, che potrete vedere nella pagina web della <strong><a href=\"http:\/\/www.rai.tv\/dl\/RaiTV\/programmi\/media\/ContentItem-12b80282-056c-4c82-87dc-a83804452a03.html\" target=\"_blank\" rel=\"noopener\">Rai<\/a><\/strong> o di <strong><em><a href=\"http:\/\/www.allefaldedelkilimangiaro.rai.it\/dl\/portali\/site\/puntata\/ContentItem-74a11b3d-d32f-4c8e-9939-c767bbb64372.html\" target=\"_blank\" rel=\"noopener\">Alle Falde del Kilimangiaro<\/a><\/em><\/strong>.<\/p>\n","protected":false},"excerpt":{"rendered":"Alle Falde del Kilimangiaro \u00e8 un programma di Rai 3 che da anni propone mete turistiche italiane e del resto del mondo, dalle pi\u00f9 note a quelle sconosciute. La conduttrice, Licia Col\u00f3, ospita ogni settimana tre personaggi del mondo dello spettacolo, del giornalismo o dello sport per scoprire insieme destinazioni esotiche, culture diverse e tante [&hellip;]","protected":false},"author":1,"featured_media":0,"comment_status":"","ping_status":"","sticky":false,"template":"","format":"standard","meta":{"footnotes":""},"tags":[],"class_list":["post-1095","post","type-post","status-publish","format-standard","hentry"],"_links":{"self":[{"href":"https:\/\/amblapaz.esteri.it\/it\/wp-json\/wp\/v2\/posts\/1095","targetHints":{"allow":["GET"]}}],"collection":[{"href":"https:\/\/amblapaz.esteri.it\/it\/wp-json\/wp\/v2\/posts"}],"about":[{"href":"https:\/\/amblapaz.esteri.it\/it\/wp-json\/wp\/v2\/types\/post"}],"author":[{"embeddable":true,"href":"https:\/\/amblapaz.esteri.it\/it\/wp-json\/wp\/v2\/users\/1"}],"replies":[{"embeddable":true,"href":"https:\/\/amblapaz.esteri.it\/it\/wp-json\/wp\/v2\/comments?post=1095"}],"version-history":[{"count":0,"href":"https:\/\/amblapaz.esteri.it\/it\/wp-json\/wp\/v2\/posts\/1095\/revisions"}],"wp:attachment":[{"href":"https:\/\/amblapaz.esteri.it\/it\/wp-json\/wp\/v2\/media?parent=1095"}],"wp:term":[{"taxonomy":"post_tag","embeddable":true,"href":"https:\/\/amblapaz.esteri.it\/it\/wp-json\/wp\/v2\/tags?post=1095"}],"curies":[{"name":"wp","href":"https:\/\/api.w.org\/{rel}","templated":true}]}}