{"id":629,"date":"2022-10-10T22:01:27","date_gmt":"2022-10-10T20:01:27","guid":{"rendered":"https:\/\/amblapaz.esteri.it\/news\/dall_ambasciata\/2022\/10\/xxii-settimana-della-lingua-italiana\/"},"modified":"2022-10-10T22:01:27","modified_gmt":"2022-10-10T20:01:27","slug":"xxii-settimana-della-lingua-italiana","status":"publish","type":"post","link":"https:\/\/amblapaz.esteri.it\/it\/news\/dall_ambasciata\/2022\/10\/xxii-settimana-della-lingua-italiana\/","title":{"rendered":"XXII Settimana della Lingua Italiana nel Mondo"},"content":{"rendered":"<p style=\"text-align: justify;\">Inizia la celebrazione della Settimana della lingua italiana.<\/p>\n<p style=\"text-align: justify;\">La XXII &#8220;Settimana della Lingua Italiana nel Mondo&#8221; si terr\u00e0 dal 15 al 21 ottobre.<\/p>\n<p style=\"text-align: justify;\">L&#8217;Ambasciata d&#8217;Italia, l&#8217;Ambasciata di Svizzera e la Societ\u00e0 Dante Alighieri, con il sostegno di varie istituzioni culturali, accademiche e<br \/>private, si riuniscono per organizzare una settimana di attivit\u00e0 per la celebrazione e la diffusione della lingua italiana, con vari eventi legati alla lingua e alla cultura italiana e svizzera. Questa attivit\u00e0, creata nel 2001 dall&#8217;Accademia della Crusca (societ\u00e0 di studiosi di lingua italiana con sede a Firenze), ha lo scopo di promuovere la lingua italiana, nelle sue varie sfaccettature, in tutto il mondo.<\/p>\n<p style=\"text-align: justify;\">Gli eventi inizieranno sabato 15 ottobre con un concerto, organizzato dall&#8217;Ambasciata d&#8217;Italia e dal Banco BISA, intitolato &#8220;Serenata Lirica\u201d con le migliori arie dell&#8217;opera italiana&#8221; con l&#8217;Orchestra dell&#8217;Opera Boliviana e 4 talentuosi cantanti lirici, Alejandra Pareja, Ma. Bel\u00e9n Siles, Pablo Estrada e Rafael Aguilar, a partire dalle ore 19:00 presso il Teatro Do\u00f1a Albina. Ingresso libero.<\/p>\n<p style=\"text-align: justify;\">Marted\u00ec 18 ottobre, l&#8217;Ambasciata di Svizzera invita al concerto della pianista, cantautrice e compositrice italiana Afra Kane, che vive in Svizzera. La sua splendida miscela di jazz, soul, afro-gospel e influenze classiche che si terr\u00e0 presso la Societ\u00e0 Dante Alighieri alle 19:00. Ingresso libero.<\/p>\n<p style=\"text-align: justify;\">Mercoled\u00ec 19 ottobre, il Centro Culturale Spagnolo di La Paz e l&#8217;Ambasciata d&#8217;Italia inaugureranno la mostra &#8220;Dal\u00ed, la Divina Commedia<br \/>di Dante Alighieri&#8221;. La mostra sar\u00e0 aperta al pubblico dal 20 ottobre al 31 dicembre presso il Museo Nacional de Arte. Le visite si svolgeranno dal luned\u00ec al venerd\u00ec, dalle 9:00 alle 17:00 e l&#8217;ingresso \u00e8 gratuito per tutti coloro che desiderano vedere le opere di Dal\u00ed e Alighieri fuse insieme.<\/p>\n<p style=\"text-align: justify;\">Gioved\u00ec 20 ottobre, la Societ\u00e0 Dante Alighieri organizzer\u00e0 una &#8220;Maratona&#8221; di lezioni di italiano, dalle 15:00 alle 18:00, dove tutti potranno immergersi in questa bellissima lingua. Ingresso libero.<\/p>\n<p style=\"text-align: justify;\">Venerd\u00ec 21 alle 18:00 si terr\u00e0 un dibattito su &#8220;L&#8217;italiano come lingua dei migranti&#8221; nel Salone d&#8217;Onore del monoblock UMSA con la partecipazione dell&#8217;Ambasciatore d&#8217;Italia, dell&#8217;Ambasciatore di Svizzera, del Dott. in linguistica Mauro Costantino e di altri ospiti. Lo stesso venerd\u00ec la &#8220;Settimana della Lingua Italiana&#8221; si concluder\u00e0 con una serata di karaoke in italiano presso la Societ\u00e0 Dante<br \/>Alighieri a partire dalle ore 20:00. Ingresso libero.<\/p>\n<p style=\"text-align: justify;\">Vi aspettiamo!<\/p>\n<p style=\"text-align: justify;\">Maggiori informazioni &#8211; Facebook, Instagram, Twitter: @ItalyinBolivia<\/p>\n<p style=\"text-align: justify;\"><img loading=\"lazy\" decoding=\"async\" width=\"1139\" height=\"878\" style=\"width: 837px; height: 639px;\" alt=\"agenda semana de la lengua logo nuevo 2\" src=\"resource\/img\/2022\/10\/agenda_semana_de_la_lengua_logo_nuevo_2.png\" \/><\/p>\n","protected":false},"excerpt":{"rendered":"Inizia la celebrazione della Settimana della lingua italiana. La XXII &#8220;Settimana della Lingua Italiana nel Mondo&#8221; si terr\u00e0 dal 15 al 21 ottobre. L&#8217;Ambasciata d&#8217;Italia, l&#8217;Ambasciata di Svizzera e la Societ\u00e0 Dante Alighieri, con il sostegno di varie istituzioni culturali, accademiche eprivate, si riuniscono per organizzare una settimana di attivit\u00e0 per la celebrazione e la [&hellip;]","protected":false},"author":1,"featured_media":0,"comment_status":"","ping_status":"","sticky":false,"template":"","format":"standard","meta":{"footnotes":""},"tags":[],"class_list":["post-629","post","type-post","status-publish","format-standard","hentry"],"_links":{"self":[{"href":"https:\/\/amblapaz.esteri.it\/it\/wp-json\/wp\/v2\/posts\/629","targetHints":{"allow":["GET"]}}],"collection":[{"href":"https:\/\/amblapaz.esteri.it\/it\/wp-json\/wp\/v2\/posts"}],"about":[{"href":"https:\/\/amblapaz.esteri.it\/it\/wp-json\/wp\/v2\/types\/post"}],"author":[{"embeddable":true,"href":"https:\/\/amblapaz.esteri.it\/it\/wp-json\/wp\/v2\/users\/1"}],"replies":[{"embeddable":true,"href":"https:\/\/amblapaz.esteri.it\/it\/wp-json\/wp\/v2\/comments?post=629"}],"version-history":[{"count":0,"href":"https:\/\/amblapaz.esteri.it\/it\/wp-json\/wp\/v2\/posts\/629\/revisions"}],"wp:attachment":[{"href":"https:\/\/amblapaz.esteri.it\/it\/wp-json\/wp\/v2\/media?parent=629"}],"wp:term":[{"taxonomy":"post_tag","embeddable":true,"href":"https:\/\/amblapaz.esteri.it\/it\/wp-json\/wp\/v2\/tags?post=629"}],"curies":[{"name":"wp","href":"https:\/\/api.w.org\/{rel}","templated":true}]}}